{"id":5229,"date":"2021-04-05T10:19:14","date_gmt":"2021-04-05T13:19:14","guid":{"rendered":"https:\/\/archscape.com.br\/2024\/?p=5229"},"modified":"2021-04-05T11:10:48","modified_gmt":"2021-04-05T14:10:48","slug":"arquitetura-biofilica-tendencia-para-casa-de-campo-e-cidade","status":"publish","type":"post","link":"https:\/\/archscape.com.br\/2024\/arquitetura-biofilica-tendencia-para-casa-de-campo-e-cidade\/","title":{"rendered":"Arquitetura biof\u00edlica: a tend\u00eancia que veio para ficar na casa de campo e tamb\u00e9m na cidade"},"content":{"rendered":"<p>Quando procuramos por um lugar para relaxar, sempre nos vem \u00e0 mente locais que tenham a presen\u00e7a de plantas, assim como uma boa ilumina\u00e7\u00e3o natural, j\u00e1 que com isso \u00e9 poss\u00edvel obter uma conex\u00e3o com o exterior.<\/p>\n<p>A biofilia \u00e9 uma forma de inovar e oferecer aos mais diversos ambientes itens naturais capazes de melhorar a nossa sa\u00fade, al\u00e9m de garantir bem-estar. Muitos arquitetos e designers t\u00eam investido nesse movimento que busca resgatar os ambientes naturais e trazer para locais constru\u00eddos pelo homem.<\/p>\n<p>Se voc\u00ea n\u00e3o est\u00e1 familiarizado com este termo, fique tranquilo. Neste artigo vamos explicar o que \u00e9 a Arquitetura Biof\u00edlica, suas caracter\u00edsticas, um pouco de sua hist\u00f3ria e como ela \u00e9 aplicada dentro de um projeto, seja na cidade ou casa de campo.<\/p>\n<p>Al\u00e9m disso, tamb\u00e9m vamos apresentar os benef\u00edcios da arquitetura biof\u00edlica para quem a vive. Acompanhe!<\/p>\n<h2><strong>Voc\u00ea sabe o\u00a0que \u00e9 Biofilia?<\/strong><\/h2>\n<p>Antes de entender o que \u00e9 arquitetura biof\u00edlica, primeiro \u00e9 preciso saber mais sobre o significado da palavra. Biof\u00edlico vem de biofilia, que pode ser definido como \u201camor \u00e0 vida\u201d ou \u201camor aos seres vivos\u201d. Essa palavra pode ser nova e estranha para muita gente, mas nos \u00faltimos meses, vem ganhando cada vez mais espa\u00e7o no universo da arquitetura e design.<\/p>\n<p>A biofilia tem como principal objetivo conectar a nossa necessidade de estar em contato com a natureza mesmo em ambientes modernos e projetados pelos homens. A partir do momento que nos reconectamos com a natureza, que \u00e9 de onde viemos, temos a chance de melhorar nosso desempenho nas mais diversas esferas.<\/p>\n<p>Dessa forma, o principal objetivo do design biof\u00edlico \u00e9 criar um local que habita estruturas, assim como paisagens e comunidades modernas. Por\u00e9m, para que isso seja poss\u00edvel, \u00e9 preciso que algumas condi\u00e7\u00f5es sejam cumpridas e isso, voc\u00ea vai compreender ao decorrer deste artigo!<\/p>\n<p>De maneira simplificada, podemos explicar a arquitetura biof\u00edlica como a reinterpreta\u00e7\u00e3o da rela\u00e7\u00e3o entre homem e natureza. Sendo assim, esse movimento pode ser entendido como uma busca por conex\u00e3o.<\/p>\n<h2><strong>Como a biofilia \u00e9 aplicada na arquitetura?<\/strong><\/h2>\n<p>Agora que entendemos a origem da palavra, podemos compreender melhor do que se trata esse conceito\u00a0e ver que ele n\u00e3o se trata\u00a0apenas criar paredes verdes, usar madeira nos projetos ou usar a palavra \u201csustentabilidade\u201d.<\/p>\n<p>A ideia vai muito al\u00e9m disso, buscando promover o bem-estar, a sa\u00fade e o conforto emocional atrav\u00e9s de uma reconex\u00e3o das pessoas com a natureza, proporcionada a partir de projetos que promovam essa rela\u00e7\u00e3o.<\/p>\n<p>No decorrer da evolu\u00e7\u00e3o da humanidade, a intera\u00e7\u00e3o do homem com a natureza foi diminuindo, acelerada pela revolu\u00e7\u00e3o industrial e tecnol\u00f3gica, que automatizou diversos processos e foi nos confinando cada vez mais em ambientes fechados. Com o passar do tempo, isso foi moldando o estilo de vida moderno.<\/p>\n<p>Apesar de ser um movimento relativamente recente, essa rela\u00e7\u00e3o j\u00e1 \u00e9 estudada a algum tempo. O termo biofilia aparece pela primeira vez em 1964, usado pelo psic\u00f3logo Erich Fromm e, nos anos 80, pelo bi\u00f3logo Edward O. Wilson, analisando como a urbaniza\u00e7\u00e3o come\u00e7ou a promover uma forte desconex\u00e3o com a natureza.<\/p>\n<p>Alguns elementos presentes em projetos que consideram a arquitetura biof\u00edlica s\u00e3o a ilumina\u00e7\u00e3o e ventila\u00e7\u00e3o natural, a utiliza\u00e7\u00e3o de plantas em espa\u00e7os internos, ambientes mais silenciosos ou com sons que remetem \u00e0 natureza (como fonte de \u00e1gua, por exemplo), compondo um conjunto que transmite tranquilidade.<\/p>\n<p>Tamb\u00e9m \u00e9 indicado o uso de materiais sustent\u00e1veis, que s\u00e3o mais eficientes. Cores e texturas, que parecem ou reproduzem padr\u00f5es encontrados na natureza, tamb\u00e9m podem ser usados como estrat\u00e9gia para um projeto de design biof\u00edlico, seja em espa\u00e7os residenciais ou corporativos.<\/p>\n<p>Os principais aspectos do design de interiores que utiliza a biofilia s\u00e3o:<\/p>\n<ol>\n<li>A busca por um envolvimento repetido e cont\u00ednuo com a natureza;<\/li>\n<li>A concentra\u00e7\u00e3o nas adapta\u00e7\u00f5es humanas ao mundo natural que, ao longo do tempo evolucion\u00e1rio, melhoraram a sua sa\u00fade e bem-estar;<\/li>\n<li>O est\u00edmulo de liga\u00e7\u00f5es emocionais com configura\u00e7\u00f5es e lugares espec\u00edficos;<\/li>\n<li>Maiores intera\u00e7\u00f5es positivas entre as pessoas e a natureza, estimulam um sentido de relacionamento e responsabilidade para as comunidades humanas e naturais;<\/li>\n<li>O est\u00edmulo de solu\u00e7\u00f5es arquitet\u00f4nicas de refor\u00e7o m\u00fatuo, interconectadas e integradas.<\/li>\n<\/ol>\n<h2><strong>Quais s\u00e3o os aspectos de um projeto que promove a biofilia?\u00a0<\/strong><\/h2>\n<p>S\u00e3o diversos os aspectos, mas, podemos enumer\u00e1-los como:<\/p>\n<h3><strong>#1. Experi\u00eancias diretas de natureza: <\/strong><\/h3>\n<p>Aqui falamos sobre os elementos prim\u00e1rios como luz, ar, \u00e1gua, plantas, animais, clima, paisagens naturais e fogo. A ventila\u00e7\u00e3o natural \u00e9 muito importante para o conforto humano e a produtividade.<\/p>\n<p>A experi\u00eancia da ventila\u00e7\u00e3o natural em um ambiente pode ser aprimorada por varia\u00e7\u00f5es no fluxo de ar, temperatura, umidade e press\u00e3o. O fluxo de \u00e1gua acalma nossos sentidos, melhorando nossa sensa\u00e7\u00e3o de bem-estar e por consequ\u00eancia nossa produtividade.<\/p>\n<h3><strong>#2. Experi\u00eancias indiretas de natureza: <\/strong><\/h3>\n<p>Neste ponto falamos sobre imagens da natureza, a utiliza\u00e7\u00e3o de materiais naturais, cores naturais, a simula\u00e7\u00e3o de luz natural, o contato com formas naturais, elementos que evoquem a natureza ou que denotem a passagem do tempo.<\/p>\n<p>Imagens de natureza s\u00e3o \u00f3timas tanto para nossos sentidos intelectuais quanto emocionais. Materiais naturais podem ser especialmente estimulantes, refletindo as propriedades din\u00e2micas da mat\u00e9ria org\u00e2nica na resposta adaptativa \u00e0s tens\u00f5es e desafios da sobreviv\u00eancia ao longo do tempo.<\/p>\n<p>Formas que trazem a natureza provocam a nossa imagina\u00e7\u00e3o e estimulam a criatividade. Eles n\u00e3o precisam ser excessivamente complexos. Formas simples j\u00e1 proporcionam um \u00f3timo resultado.<\/p>\n<h3><strong>#3. Experi\u00eancias de espa\u00e7o e lugar: <\/strong><\/h3>\n<p>Aqui tratamos a busca pelo ref\u00fagio, a complexidade organizada, a integra\u00e7\u00e3o de pessoas e sentimentos de lugar, a utiliza\u00e7\u00e3o de espa\u00e7os de transi\u00e7\u00e3o a mobilidade e orienta\u00e7\u00e3o. Proporcionar vistas amplas, tanto para dentro quanto para fora, nos d\u00e1 uma no\u00e7\u00e3o mais ampla das \u201coportunidades e perigos\u201d do espa\u00e7o e maior sensa\u00e7\u00e3o de ref\u00fagio e seguran\u00e7a.<\/p>\n<p>Pessoas que desfrutam de espa\u00e7os que possuam uma sequ\u00eancia definida, assim como pontos de encontro, obt\u00e9m um maior sentimento de lugar e integra\u00e7\u00e3o com as pessoas.<\/p>\n<h2><strong>Os benef\u00edcios da arquitetura biof\u00edlica para quem a vive<\/strong><\/h2>\n<p>De acordo com o <a href=\"http:\/\/interfaceinc.scene7.com\/is\/content\/InterfaceInc\/Interface\/Americas\/WebsiteContentAssets\/Documents\/Reports\/Human%20Spaces\/Global_Human_Spaces_Report_pt_BR.pdf\" target=\"_blank\" rel=\"noopener noreferrer nofollow\" data-cke-saved-href=\"http:\/\/interfaceinc.scene7.com\/is\/content\/InterfaceInc\/Interface\/Americas\/WebsiteContentAssets\/Documents\/Reports\/Human%20Spaces\/Global_Human_Spaces_Report_pt_BR.pdf\" data-cke-saved->relat\u00f3rio Human Spaces no Impacto Global de Design Biol\u00f3gico<\/a>, quando presente em locais de trabalho, os n\u00edveis de bem-estar aumentam em torno de 15%, j\u00e1 a produtividade em 6% e a criatividade em 15% quando relacionados \u00e0queles que atuam em ambientes sem a presen\u00e7a da natureza.<\/p>\n<h3><em>Arquitetura biof\u00edlica em projetos residenciais<\/em><\/h3>\n<p>Um exemplo que pode ilustrar como a arquitetura biof\u00edlica pode ser aplicada em projetos residenciais s\u00e3o os jardins verticais naturais. Eles elevam a qualidade de vida e bem-estar dos moradores, pois as plantas, quando colocadas de forma correta, trazem benef\u00edcios pr\u00e1ticos como resfriamento natural do ambiente, e ainda proporcionam um visual agrad\u00e1vel.<\/p>\n<p>Muitas vezes n\u00e3o percebemos que pequenos detalhes podem fazer toda a diferen\u00e7a quando falamos em conforto. Plantas para apartamento, por exemplo, deixam os ambientes melhores, com o ar mais purificado, leve e agrad\u00e1vel.<\/p>\n<p>O uso de espelhos ajuda a refletir a luz natural, que \u00e9 muito importante para manter o ciclo biol\u00f3gico em dia, e ainda pode proporcionar momentos contemplativos das cores dos reflexos e sombras.<\/p>\n<h3><strong>Arquitetura biof\u00edlica em projetos empresariais<\/strong><\/h3>\n<p>Um exemplo de biofilia aplicada em empresas \u00e9 a sede da Amazon, em Seattle. A constru\u00e7\u00e3o recebeu o nome de \u201cSpheres\u201d e \u00e9 um dos projetos de design biof\u00edlico mais famosos. Inaugurado em 2018, o edif\u00edcio \u00e9 formado por tr\u00eas esferas, com estrutura met\u00e1lica e pain\u00e9is de vidro transl\u00facido, e abriga mais de 40 mil plantas.<\/p>\n<div style=\"width: 1319px\" class=\"wp-caption aligncenter\"><img decoding=\"async\" src=\"https:\/\/images.adsttc.com\/media\/images\/5d16\/0ff0\/284d\/d168\/6000\/0106\/slideshow\/feature_-_01_100876_02_Amazon_Spheres_N13_large.jpg?1561726933\" alt=\"\" width=\"1309\" height=\"1000\" data-cke-saved-src=\"https:\/\/images.adsttc.com\/media\/images\/5d16\/0ff0\/284d\/d168\/6000\/0106\/slideshow\/feature_-_01_100876_02_Amazon_Spheres_N13_large.jpg?1561726933\" \/><p class=\"wp-caption-text\">Imagens: archdaily.com<\/p><\/div>\n<p><img decoding=\"async\" class=\"aligncenter\" src=\"https:\/\/images.adsttc.com\/media\/images\/5d16\/116e\/284d\/d140\/0200\/00ae\/slideshow\/07101065_03_Amazon_Spheres_N9_large.jpg?1561727315\" alt=\"\" data-cke-saved-src=\"https:\/\/images.adsttc.com\/media\/images\/5d16\/116e\/284d\/d140\/0200\/00ae\/slideshow\/07101065_03_Amazon_Spheres_N9_large.jpg?1561727315\" \/><\/p>\n<p>O foco do projeto corporativo \u00e9 proporcionar maior bem-estar para os colaboradores da empresa, com menos baias e mais integrados \u00e0 natureza \u2013 para isso, foi criado de fato um ambiente florestal dentro da estrutura, inclusive com rios e cachoeiras.<\/p>\n<p>Conforme divulga\u00e7\u00e3o da Microsoft, que tamb\u00e9m aplica o conceito no campus da sua sede corporativa, em Washington, ser mais criativo e flex\u00edvel com o espa\u00e7o de trabalho aumenta a produtividade e cria\u00e7\u00e3o de produtos inovadores.<\/p>\n<p>A empresa criou um deck suspenso com tr\u00eas \u201cescrit\u00f3rios na \u00e1rvore\u201d para reuni\u00f5es e espa\u00e7os convidativos para o trabalho ao ar livre, com toda infraestrutura tecnol\u00f3gica necess\u00e1ria.<\/p>\n<h2><strong>Como implantar um projeto biof\u00edlico?<\/strong><\/h2>\n<p>\u00c9 necess\u00e1rio o trabalho em conjunto com o cliente e todos os envolvidos no processo de decis\u00e3o de\u00a0 projeto, al\u00e9m dos usu\u00e1rios dos espa\u00e7os, para que possa se construir um quadro completo de necessidades e possibilidades arquitet\u00f4nicas<span id=\"ct-stream-364172\" class=\"ct-comment-item\" title=\"Gustavo Garrido: @natacha.santos complementar: Todas as decis\u00f5es projetuais devem ser suportadas pela devida solu\u00e7\u00e3o t\u00e9cnica. Um exemplo simples \u00e9 prover um sistema de irriga\u00e7\u00e3o automatizado para as plantas, de forma que a manuten\u00e7\u00e3o do conceito implantado seja sustent\u00e1vel no dia a dia. Coletar a \u00e1gua proveniente dos drenos do ar condicionado para rega \u00e9 tamb\u00e9m outra solu\u00e7\u00e3o desej\u00e1vel para um desenho biof\u00edlico.\">.\u00a0<\/span>Todas as decis\u00f5es projetuais devem ser suportadas pela devida solu\u00e7\u00e3o t\u00e9cnica. Um exemplo simples, \u00e9 prover um sistema de irriga\u00e7\u00e3o automatizado para as plantas, de forma que a manuten\u00e7\u00e3o do conceito implantado seja sustent\u00e1vel no dia a dia. Coletar a \u00e1gua proveniente dos drenos do ar condicionado para rega \u00e9 tamb\u00e9m outra solu\u00e7\u00e3o desej\u00e1vel para um desenho biof\u00edlico.<\/p>\n<p>Essa an\u00e1lise far\u00e1 com que o arquiteto tenha uma compreens\u00e3o melhor das oportunidades espaciais e humanas que existem e obter resultados alinhados ao trip\u00e9 da sustentabilidade: pessoas, do planeta e do lucro.<\/p>\n<p>Se voc\u00ea ficou interessado em aplicar o conceito de arquitetura biof\u00edlica ao seu projeto, acesse o site e entre em contato conosco!<\/p>\n<p><strong>Com a <a href=\"https:\/\/archscape.com.br\/2024\"><span id=\"ct-stream-364173\" class=\"ct-comment-item\" title=\"Gustavo Garrido: @natacha.santos sempre mai\u00fasculo\">Archscape<\/span><\/a>\u00a0voc\u00ea tem \u00e0 disposi\u00e7\u00e3o um escrit\u00f3rio de arquitetura multidisciplinar que projeta espa\u00e7os constru\u00eddos em sintonia total com a natureza, desde a elabora\u00e7\u00e3o e cr\u00edtica do projeto, passando pelas solu\u00e7\u00f5es conceituais e construtivas at\u00e9 a colabora\u00e7\u00e3o e apoio durante a execu\u00e7\u00e3o da obra!<\/strong><\/p>\n","protected":false},"excerpt":{"rendered":"<p>Quando procuramos por um lugar para relaxar, sempre nos vem \u00e0 mente locais que tenham a presen\u00e7a de plantas, assim como uma boa ilumina\u00e7\u00e3o natural, j\u00e1 que com isso \u00e9 poss\u00edvel obter uma conex\u00e3o com o exterior. A biofilia \u00e9 uma forma de inovar e oferecer aos mais diversos ambientes itens naturais capazes de melhorar [&hellip;]<\/p>\n","protected":false},"author":3,"featured_media":5236,"comment_status":"open","ping_status":"open","sticky":false,"template":"","format":"standard","meta":{"footnotes":""},"categories":[54,50,55],"tags":[],"class_list":["post-5229","post","type-post","status-publish","format-standard","has-post-thumbnail","hentry","category-arquitetura","category-casa-de-campo","category-decoracao"],"_links":{"self":[{"href":"https:\/\/archscape.com.br\/2024\/wp-json\/wp\/v2\/posts\/5229","targetHints":{"allow":["GET"]}}],"collection":[{"href":"https:\/\/archscape.com.br\/2024\/wp-json\/wp\/v2\/posts"}],"about":[{"href":"https:\/\/archscape.com.br\/2024\/wp-json\/wp\/v2\/types\/post"}],"author":[{"embeddable":true,"href":"https:\/\/archscape.com.br\/2024\/wp-json\/wp\/v2\/users\/3"}],"replies":[{"embeddable":true,"href":"https:\/\/archscape.com.br\/2024\/wp-json\/wp\/v2\/comments?post=5229"}],"version-history":[{"count":0,"href":"https:\/\/archscape.com.br\/2024\/wp-json\/wp\/v2\/posts\/5229\/revisions"}],"wp:featuredmedia":[{"embeddable":true,"href":"https:\/\/archscape.com.br\/2024\/wp-json\/wp\/v2\/media\/5236"}],"wp:attachment":[{"href":"https:\/\/archscape.com.br\/2024\/wp-json\/wp\/v2\/media?parent=5229"}],"wp:term":[{"taxonomy":"category","embeddable":true,"href":"https:\/\/archscape.com.br\/2024\/wp-json\/wp\/v2\/categories?post=5229"},{"taxonomy":"post_tag","embeddable":true,"href":"https:\/\/archscape.com.br\/2024\/wp-json\/wp\/v2\/tags?post=5229"}],"curies":[{"name":"wp","href":"https:\/\/api.w.org\/{rel}","templated":true}]}}