{"id":6207,"date":"2022-01-07T09:45:59","date_gmt":"2022-01-07T12:45:59","guid":{"rendered":"https:\/\/archscape.com.br\/2024\/?p=6207"},"modified":"2022-05-23T20:24:04","modified_gmt":"2022-05-23T23:24:04","slug":"caranda-viva-vida-projeto-de-paisagismo","status":"publish","type":"post","link":"https:\/\/archscape.com.br\/2024\/caranda-viva-vida-projeto-de-paisagismo\/","title":{"rendered":"AS Notes | Carand\u00e1 Viva Vida (Paisagismo)"},"content":{"rendered":"<h2>Ficha t\u00e9cnica<\/h2>\n<p>Local: Escola Carand\u00e1 Viva Vida<br \/>\nDisciplina: <a href=\"https:\/\/archscape.com.br\/2024\/tendencias-mundiais-em-paisagismo\/\">Paisagismo<\/a><br \/>\nCliente: Carand\u00e1 Viva Vida \/ Patrim\u00f4nio<br \/>\nArquitetura: Koninsberger &amp; Vannuchi<\/p>\n<h2>Conceito do projeto<\/h2>\n<p>Localizada em S\u00e3o Paulo, o pr\u00e9dio da <a href=\"https:\/\/schooladvisor.com.br\/escolas\/35130217\/Caranda-Vivavida\" rel=\"nofollow noopener\" target=\"_blank\">Escola Carand\u00e1 Viva Vida<\/a> foi projetado especificamente para o uso escolar pelo escrit\u00f3rio paulista Koninsberger &amp; Vannuchi.<\/p>\n<p>O p\u00e1tio central proposto pela arquitetura organiza o programa de necessidades, valorizando este espa\u00e7o livre e o configurando como principal ponto de refer\u00eancia espacial para o conjunto.<\/p>\n<p>No andar t\u00e9rreo, escopo principal de nosso trabalho de paisagismo, o espa\u00e7o livre se expande do muro dos fundos at\u00e9 a frente, tornando necess\u00e1rio abordagens projetuais que preservassem a<strong> sensa\u00e7\u00e3o de liberdade e bem estar<\/strong> e ao mesmo tempo <strong>proporcionassem a seguran\u00e7a aos alunos e as devidas hierarquiza\u00e7\u00f5es dos espa\u00e7os<\/strong>.<\/p>\n<p>Analisando os fluxos, identificamos tr\u00eas usos espec\u00edficos no p\u00e1tio: <strong>contempla\u00e7\u00e3o; interatividade e recrea\u00e7\u00e3o<\/strong>. Estes usos se distribuem consecutivamente da frente ao fundo do p\u00e1tio e s\u00e3o unidos tanto pelo desenho de piso, proposto em fulget, com formas pixeladas, como uma esplanada urbana, quanto pelo renque de palmeiras, que por sua vez direciona o olhar.<\/p>\n<h2>Aprendizados no paisagismo local<\/h2>\n<p>&nbsp;<\/p>\n<h4>Morrotes e movimenta\u00e7\u00e3o de terra no jardim<\/h4>\n<p><span style=\"color: #ff0000;\">O problema!<br \/>\n<\/span>Em projeto os morrotes de terra que comp\u00f5e o jardim est\u00e3o na figura \u00e0 esquerda sinalizados em <span style=\"color: #0000ff;\">azul<\/span>. O morrote executado em obra, destacado em <span style=\"color: #ff0000;\">vermelho<\/span> na imagem, foi feito totalmente diferente do que projetamos. Em nosso projeto, os morrotes estavam representados e locados na planta de indica\u00e7\u00e3o de acabamentos e mobili\u00e1rios, e seus detalhes na prancha de detalhes gerais. Essa ordena\u00e7\u00e3o da lista mestra se mostrou ineficaz.<\/p>\n<p><img decoding=\"async\" class=\"alignnone\" src=\"https:\/\/i.imgur.com\/jQKZEbl.png\" width=\"860\" height=\"362\" \/><\/p>\n<p>&nbsp;<\/p>\n<p><span style=\"color: #339966;\">A solu\u00e7\u00e3o!<\/span><strong><span style=\"color: #339966;\"><br \/>\n<\/span><\/strong>O respons\u00e1vel na obra pela execu\u00e7\u00e3o dos morrotes \u00e9 o pessoal que far\u00e1 a movimenta\u00e7\u00e3o de terra, pr\u00f3ximo ao momento da execu\u00e7\u00e3o de jardins. Ou seja, a pessoa que executar\u00e1 os morrotes estar\u00e1 com a prancha de PLANTIO em m\u00e3os. Portanto,<strong><span style=\"color: #339966;\"> morrotes e movimenta\u00e7\u00f5es de terra relacionadas \u00e0 composi\u00e7\u00e3o do jardim devem estar na lista mestra organizadas na s\u00e9rie de PLANTIO<\/span><\/strong>.<\/p>\n<p>Para facilitar a <strong><span style=\"color: #339966;\">LOCA\u00c7\u00c3O<\/span> <\/strong>dos<strong><span style=\"color: #339966;\"> morrotes com desenho irregular<\/span><\/strong>, \u00e9 s\u00f3 colocar uma malha de loca\u00e7\u00e3o assim como utilizado no plantio de forra\u00e7\u00f5es e arbustos que formam desenhos org\u00e2nicos, assim como na imagem abaixo. A malha est\u00e1 em nosso template do Archicad ou em nosso projeto padr\u00e3o (Server\\Dados\\2-Biblioteca\\0-Biblioteca Autocad\\Padr\u00e3o 2021\\PSG\\3-AP).<\/p>\n<p><img decoding=\"async\" class=\"\" src=\"https:\/\/i.imgur.com\/o2uUIK4.png\" width=\"651\" height=\"284\" \/><\/p>\n<p>Quando o <strong><span style=\"color: #339966;\">morrote for circular<\/span><\/strong>, colocar uma chamada com texto indicando di\u00e2metro e altura do morrote \u2192 \u00d8 = XX,XXm | h = XX,XXm, e locar por linha de eixo passando no centro do c\u00edrculo que conforma o morrote cotando esse eixo a partir de um elemento constru\u00eddo (pode ser um piso, que j\u00e1 estar\u00e1 pronto no local, ou uma constru\u00e7\u00e3o).<\/p>\n<h5>IMPORTANTE FAZER UM <span style=\"color: #339966;\">CORTE<\/span> PARA MOSTRAR A ALTURA DO MORROTE!<\/h5>\n<p>Abaixo um exemplo de <span style=\"color: #339966;\">detalhe de morrote<\/span>. Este detalhe pode ser encontrado no arquivo padr\u00e3o de Detalhes de Paisagismo (Server\\Dados\\2-Biblioteca\\0-Biblioteca Autocad\\Padr\u00e3o 2021\\AS-Detalhes Paisagismo.dwg)<\/p>\n<p><img decoding=\"async\" class=\"\" src=\"https:\/\/i.imgur.com\/2JmmdVS.png\" width=\"650\" height=\"390\" \/><\/p>\n<p>&nbsp;<\/p>\n<h4>Morro<\/h4>\n<p><span style=\"color: #ff0000;\">O problema!<br \/>\n<\/span>A terra utilizada para plantio na execu\u00e7\u00e3o n\u00e3o \u00e9 pr\u00f3pria para plantio.<\/p>\n<p><img decoding=\"async\" class=\"\" src=\"https:\/\/i.imgur.com\/KabKO9F.png\" width=\"560\" height=\"555\" \/><\/p>\n<p>&nbsp;<\/p>\n<p><span style=\"color: #339966;\">A solu\u00e7\u00e3o!<\/span><strong><span style=\"color: #339966;\"><br \/>\n<\/span><\/strong>Colocar na prancha de MEMORIAL DE PLANTIO uma foto da terra para jardim comparando com uma foto de terra vermelha, com um X em vermelho na terra vermelha. Essa imagem est\u00e1 no memorial de plantio padr\u00e3o (EM BREVE!).<\/p>\n<p><img decoding=\"async\" src=\"https:\/\/i.imgur.com\/k8A9Jmg.png\" \/><\/p>\n<h4>Drenagem<\/h4>\n<p><span style=\"color: #ff0000;\">O problema!<br \/>\n<\/span>A drenagem foi executada diferente do projeto, deixando o cano a mostra. Al\u00e9m do resultado ficar esteticamente prejudicado, a drenagem dessa forma n\u00e3o funciona adequadamente.<\/p>\n<p><img decoding=\"async\" class=\"\" src=\"https:\/\/i.imgur.com\/J8d0bQT.png\" width=\"623\" height=\"371\" \/><\/p>\n<p>O detalhe mostra a drenagem abaixo da terra, junto a camada de cinasita, protegido por manta geotextil. Dessa forma sim, a \u00e1gua de chuva e rega da jardineira pode ser drenada adequadamente.<\/p>\n<p><img decoding=\"async\" class=\"\" src=\"https:\/\/i.imgur.com\/TIKNP6v.png\" width=\"638\" height=\"371\" \/><\/p>\n<p>&nbsp;<\/p>\n<p><span style=\"color: #339966;\">A solu\u00e7\u00e3o!<\/span><strong><span style=\"color: #339966;\"><br \/>\n<\/span><\/strong>Como o sistema de drenagem \u00e9 executado junto com a coloca\u00e7\u00e3o de cinasita, substrato etc (fase de plantio da obra), o detalhe de drenagem deve ir na folha de plantio PSG al\u00e9m de ir na folha de constru\u00e7\u00e3o. Desse modo, no momento de execu\u00e7\u00e3o do jardim, o jardineiro poder\u00e1 verificar o detalhe e executar de forma correta.<\/p>\n<p>&nbsp;<\/p>\n<h4>Quando o paisagismo entra na obra?<\/h4>\n<p><span style=\"color: #ff0000;\">O problema!<br \/>\n<\/span>Constatamos na obra o desgaste do gramado, al\u00e9m de diversas mudas arbustivas e de forra\u00e7\u00e3o danificadas. Provavelmente, o paisagismo entrou na obra antes dela estar 100% conclu\u00edda.<\/p>\n<p><img decoding=\"async\" class=\"\" src=\"https:\/\/i.imgur.com\/S7lYrXD.png\" width=\"309\" height=\"383\" \/> <img decoding=\"async\" class=\"\" src=\"https:\/\/i.imgur.com\/huuIePo.png\" width=\"249\" height=\"378\" \/><\/p>\n<p><span style=\"color: #339966;\">A solu\u00e7\u00e3o!<br \/>\n<\/span>O paisagismo deve ser a \u00faltima coisa a entrar na obra, depois da obra conclu\u00edda (inclusive com pintura), podemos entrar com plantio. Antes disso, corre-se o risco de danificar forra\u00e7\u00f5es e arbustos. Para alertar os executores da obra \u00e9 importante colocar uma nota de projeto na prancha de plantio.<\/p>\n<p>NOTA: SERVI\u00c7O DE EXECU\u00c7\u00c3O DE JARDIM DEVE SER INICIADO AP\u00d3S CONCLUS\u00c3O DA OBRA CIVIL<\/p>\n<p>&nbsp;<\/p>\n<h4>Maranta e Calatheas &#8211; Irriga\u00e7\u00e3o<\/h4>\n<p><span style=\"color: #ff0000;\">O problema!<br \/>\n<\/span>Plantas da fam\u00edlia das Marantas e Calatheas s\u00e3o plantas com folhas grandes e que demandam muita \u00e1gua.<\/p>\n<p><img decoding=\"async\" src=\"https:\/\/i.imgur.com\/vSyLg7m.png\" \/><\/p>\n<p>Por falta de irriga\u00e7\u00e3o adequada, as marantas do local morreram.<\/p>\n<p><img decoding=\"async\" src=\"https:\/\/i.imgur.com\/05RW51K.png\" \/> <img decoding=\"async\" class=\"\" src=\"https:\/\/i.imgur.com\/iBb8Adn.png\" width=\"291\" height=\"398\" \/><\/p>\n<p><span style=\"color: #339966;\">A solu\u00e7\u00e3o!<\/span><strong><span style=\"color: #339966;\"><br \/>\n<\/span><\/strong>Devemos alertar claramente em projeto a necessidade de irriga\u00e7\u00e3o desse tipo de vegeta\u00e7\u00e3o. Devemos lembrar de sempre colocar nota no projeto de plantio.<\/p>\n<p>NOTA: MARANTA E CALATHEA PRECISAM DE IRRIGA\u00c7\u00c3O CONSTANTE<\/p>\n<p>&nbsp;<\/p>\n<div id=\"gtx-trans\" style=\"position: absolute; left: -12px; top: 1637.25px;\">\n<div class=\"gtx-trans-icon\"><\/div>\n<\/div>\n","protected":false},"excerpt":{"rendered":"<p>Ficha t\u00e9cnica Local: Escola Carand\u00e1 Viva Vida Disciplina: Paisagismo Cliente: Carand\u00e1 Viva Vida \/ Patrim\u00f4nio Arquitetura: Koninsberger &amp; Vannuchi Conceito do projeto Localizada em S\u00e3o Paulo, o pr\u00e9dio da Escola Carand\u00e1 Viva Vida foi projetado especificamente para o uso escolar pelo escrit\u00f3rio paulista Koninsberger &amp; Vannuchi. O p\u00e1tio central proposto pela arquitetura organiza o programa [&hellip;]<\/p>\n","protected":false},"author":3,"featured_media":3551,"comment_status":"closed","ping_status":"closed","sticky":false,"template":"","format":"standard","meta":{"footnotes":""},"categories":[69],"tags":[],"class_list":["post-6207","post","type-post","status-publish","format-standard","has-post-thumbnail","hentry","category-as-notes"],"_links":{"self":[{"href":"https:\/\/archscape.com.br\/2024\/wp-json\/wp\/v2\/posts\/6207","targetHints":{"allow":["GET"]}}],"collection":[{"href":"https:\/\/archscape.com.br\/2024\/wp-json\/wp\/v2\/posts"}],"about":[{"href":"https:\/\/archscape.com.br\/2024\/wp-json\/wp\/v2\/types\/post"}],"author":[{"embeddable":true,"href":"https:\/\/archscape.com.br\/2024\/wp-json\/wp\/v2\/users\/3"}],"replies":[{"embeddable":true,"href":"https:\/\/archscape.com.br\/2024\/wp-json\/wp\/v2\/comments?post=6207"}],"version-history":[{"count":0,"href":"https:\/\/archscape.com.br\/2024\/wp-json\/wp\/v2\/posts\/6207\/revisions"}],"wp:featuredmedia":[{"embeddable":true,"href":"https:\/\/archscape.com.br\/2024\/wp-json\/wp\/v2\/media\/3551"}],"wp:attachment":[{"href":"https:\/\/archscape.com.br\/2024\/wp-json\/wp\/v2\/media?parent=6207"}],"wp:term":[{"taxonomy":"category","embeddable":true,"href":"https:\/\/archscape.com.br\/2024\/wp-json\/wp\/v2\/categories?post=6207"},{"taxonomy":"post_tag","embeddable":true,"href":"https:\/\/archscape.com.br\/2024\/wp-json\/wp\/v2\/tags?post=6207"}],"curies":[{"name":"wp","href":"https:\/\/api.w.org\/{rel}","templated":true}]}}