{"id":6473,"date":"2022-02-21T12:13:54","date_gmt":"2022-02-21T15:13:54","guid":{"rendered":"https:\/\/archscape.com.br\/2024\/?p=6473"},"modified":"2022-05-23T20:24:04","modified_gmt":"2022-05-23T23:24:04","slug":"as-notes-benedito-abbud-cyrela-by-pininfarina","status":"publish","type":"post","link":"https:\/\/archscape.com.br\/2024\/as-notes-benedito-abbud-cyrela-by-pininfarina\/","title":{"rendered":"AS Notes | Benedito Abbud  &#8211; Cyrela by Pininfarina"},"content":{"rendered":"<p>V\u00eddeo muito bacana com o arquiteto paisagista Benedito Abbud sobre solu\u00e7\u00f5es de projeto de paisagismo imobili\u00e1rio para edif\u00edcio de apartamentos compactos de luxo. O arquiteto fala sobre todo o processo de projeto desde a defini\u00e7\u00e3o do conceito com embasamento no p\u00fablico alvo, at\u00e9 defini\u00e7\u00f5es de detalhes do desenho e especifica\u00e7\u00e3o de materiais com intuito de provocar sensa\u00e7\u00f5es para aqueles que usufruem do espa\u00e7o.<\/p>\n<p><iframe title=\"YouTube video player\" src=\"https:\/\/www.youtube.com\/embed\/mQYKUbmqcqI\" width=\"560\" height=\"315\" frameborder=\"0\" allowfullscreen=\"allowfullscreen\"><\/iframe><\/p>\n<div id=\"gtx-trans\" style=\"position: absolute; left: 1181px; top: 45.5938px;\">\n<div class=\"gtx-trans-icon\"><\/div>\n<\/div>\n","protected":false},"excerpt":{"rendered":"<p>V\u00eddeo muito bacana com o arquiteto paisagista Benedito Abbud sobre solu\u00e7\u00f5es de projeto de paisagismo imobili\u00e1rio para edif\u00edcio de apartamentos compactos de luxo. O arquiteto fala sobre todo o processo de projeto desde a defini\u00e7\u00e3o do conceito com embasamento no p\u00fablico alvo, at\u00e9 defini\u00e7\u00f5es de detalhes do desenho e especifica\u00e7\u00e3o de materiais com intuito de [&hellip;]<\/p>\n","protected":false},"author":3,"featured_media":0,"comment_status":"closed","ping_status":"closed","sticky":false,"template":"","format":"standard","meta":{"footnotes":""},"categories":[69],"tags":[],"class_list":["post-6473","post","type-post","status-publish","format-standard","hentry","category-as-notes"],"_links":{"self":[{"href":"https:\/\/archscape.com.br\/2024\/wp-json\/wp\/v2\/posts\/6473","targetHints":{"allow":["GET"]}}],"collection":[{"href":"https:\/\/archscape.com.br\/2024\/wp-json\/wp\/v2\/posts"}],"about":[{"href":"https:\/\/archscape.com.br\/2024\/wp-json\/wp\/v2\/types\/post"}],"author":[{"embeddable":true,"href":"https:\/\/archscape.com.br\/2024\/wp-json\/wp\/v2\/users\/3"}],"replies":[{"embeddable":true,"href":"https:\/\/archscape.com.br\/2024\/wp-json\/wp\/v2\/comments?post=6473"}],"version-history":[{"count":0,"href":"https:\/\/archscape.com.br\/2024\/wp-json\/wp\/v2\/posts\/6473\/revisions"}],"wp:attachment":[{"href":"https:\/\/archscape.com.br\/2024\/wp-json\/wp\/v2\/media?parent=6473"}],"wp:term":[{"taxonomy":"category","embeddable":true,"href":"https:\/\/archscape.com.br\/2024\/wp-json\/wp\/v2\/categories?post=6473"},{"taxonomy":"post_tag","embeddable":true,"href":"https:\/\/archscape.com.br\/2024\/wp-json\/wp\/v2\/tags?post=6473"}],"curies":[{"name":"wp","href":"https:\/\/api.w.org\/{rel}","templated":true}]}}