{"id":7682,"date":"2022-07-15T12:05:59","date_gmt":"2022-07-15T15:05:59","guid":{"rendered":"https:\/\/archscape.com.br\/2024\/?p=7682"},"modified":"2022-07-26T08:55:12","modified_gmt":"2022-07-26T11:55:12","slug":"adit-arq22-cases-arquitetura-e-empreendedorismo","status":"publish","type":"post","link":"https:\/\/archscape.com.br\/2024\/adit-arq22-cases-arquitetura-e-empreendedorismo\/","title":{"rendered":"O ADIT Arq&#8217;22 faz uma imers\u00e3o nos melhores cases de arquitetura e empreendedorismo no Brasil"},"content":{"rendered":"<p>O <a href=\"https:\/\/adit.com.br\/evento\/adit-arq\/\" rel=\"nofollow noopener\" target=\"_blank\">ADIT Arq&#8217;22<\/a>, \u00e9 um Semin\u00e1rio de Arquitetura, Design e Projetos da ADIT Brasil que movimenta debates e explana\u00e7\u00f5es sobre os melhores projetos do pa\u00eds, unindo a vis\u00e3o de arquitetos renomados e o mercado imobili\u00e1rio empreendedor.<\/p>\n<p>O semin\u00e1rio enriquece a vis\u00e3o, os erros e acertos no design, os aspectos acerca da ESG, a inova\u00e7\u00e3o e tamb\u00e9m sobre a opera\u00e7\u00e3o da camada de neg\u00f3cios imobili\u00e1rios. As tend\u00eancias em neg\u00f3cios associadas \u00e0 vis\u00e3o de <a href=\"https:\/\/archscape.com.br\/2024\/10-sites-de-arquitetura-internacionais-para-se-inspirar\/\">arquitetos experientes<\/a>.<\/p>\n<p>O evento \u00e9 um dos poucos do g\u00eanero que coloca em pauta assuntos que interessam a um p\u00fablico mais amplo, pois une o desenvolvimento urbano, as incorpora\u00e7\u00f5es e loteamentos, urbanistas, escrit\u00f3rios de arquitetura e paisagismo, grandes redes hoteleiras assim como resorts independentes e prestadores.<\/p>\n<p>Como os profissionais desta ampla cadeia se conectam para criar as melhores solu\u00e7\u00f5es para cada setor empreendedor.<\/p>\n<h2>Sobre a ADIT Brasil<\/h2>\n<p>A ADIT Brasil &#8211; Associa\u00e7\u00e3o para o Desenvolvimento Imobili\u00e1rio e Tur\u00edstico do Brasil &#8211; \u00e9 uma entidade sem fins lucrativos que opera desde 2006 e tem como objetivo trabalhar o desenvolvimento dos mercados imobili\u00e1rio, tur\u00edstico e urban\u00edstico dentro das melhores pr\u00e1ticas nacionais e internacionais.<\/p>\n<p>Sua atua\u00e7\u00e3o vai desde a arquitetura propriamente dita, como \u00e9 o ADIT arq&#8217;22 mas tamb\u00e9m promove outros eventos movimento nichos como investimento, hotelaria, leis, cursos, podcasts e uma grande produ\u00e7\u00e3o de conte\u00fados.<\/p>\n<h2>Sobre o ADIT Arq&#8217;22<\/h2>\n<p>O evento ocorre no dia 26 de julho, no Teatro B32 &#8211; Avenida Brigadeiro Faria Lima &#8211; Itaim Bibi, S\u00e3o Paulo &#8211; SP, Brasil.<\/p>\n<p>Este ano conta com um formato inovador onde os pain\u00e9is s\u00e3o compostos da apresenta\u00e7\u00e3o de dois cases em 15 minutos cada um, seguido de um debate de 30 minutos<\/p>\n<h2>Apoio da AsBEA<\/h2>\n<p>A ADIT Arq\u201922 conta com o apoio da <a href=\"http:\/\/asbea.org.br\/home\" rel=\"nofollow noopener\" target=\"_blank\">AsBEA<\/a> &#8211; Associa\u00e7\u00e3o Brasileira dos Escrit\u00f3rios de Arquitetura -, \u00e9 uma entidade independente, composta e dirigida pelos escrit\u00f3rios de arquitetura e urbanismo associados. Conta tamb\u00e9m com a associa\u00e7\u00e3o de empresas fornecedoras de produtos e de servi\u00e7os do setor de arquitetura e constru\u00e7\u00e3o civil, como colaboradoras.\u00a0 AsBEA, por sua vez, possui forte atua\u00e7\u00e3o tamb\u00e9m entre a arquitetura e o mercado imobili\u00e1rio, e sua cria\u00e7\u00e3o remonta da d\u00e9cada de 70.<\/p>\n","protected":false},"excerpt":{"rendered":"<p>O ADIT Arq&#8217;22, \u00e9 um Semin\u00e1rio de Arquitetura, Design e Projetos da ADIT Brasil que movimenta debates e explana\u00e7\u00f5es sobre os melhores projetos do pa\u00eds, unindo a vis\u00e3o de arquitetos renomados e o mercado imobili\u00e1rio empreendedor. O semin\u00e1rio enriquece a vis\u00e3o, os erros e acertos no design, os aspectos acerca da ESG, a inova\u00e7\u00e3o e [&hellip;]<\/p>\n","protected":false},"author":1,"featured_media":7683,"comment_status":"closed","ping_status":"closed","sticky":false,"template":"","format":"standard","meta":{"footnotes":""},"categories":[14],"tags":[],"class_list":["post-7682","post","type-post","status-publish","format-standard","has-post-thumbnail","hentry","category-news"],"_links":{"self":[{"href":"https:\/\/archscape.com.br\/2024\/wp-json\/wp\/v2\/posts\/7682","targetHints":{"allow":["GET"]}}],"collection":[{"href":"https:\/\/archscape.com.br\/2024\/wp-json\/wp\/v2\/posts"}],"about":[{"href":"https:\/\/archscape.com.br\/2024\/wp-json\/wp\/v2\/types\/post"}],"author":[{"embeddable":true,"href":"https:\/\/archscape.com.br\/2024\/wp-json\/wp\/v2\/users\/1"}],"replies":[{"embeddable":true,"href":"https:\/\/archscape.com.br\/2024\/wp-json\/wp\/v2\/comments?post=7682"}],"version-history":[{"count":0,"href":"https:\/\/archscape.com.br\/2024\/wp-json\/wp\/v2\/posts\/7682\/revisions"}],"wp:featuredmedia":[{"embeddable":true,"href":"https:\/\/archscape.com.br\/2024\/wp-json\/wp\/v2\/media\/7683"}],"wp:attachment":[{"href":"https:\/\/archscape.com.br\/2024\/wp-json\/wp\/v2\/media?parent=7682"}],"wp:term":[{"taxonomy":"category","embeddable":true,"href":"https:\/\/archscape.com.br\/2024\/wp-json\/wp\/v2\/categories?post=7682"},{"taxonomy":"post_tag","embeddable":true,"href":"https:\/\/archscape.com.br\/2024\/wp-json\/wp\/v2\/tags?post=7682"}],"curies":[{"name":"wp","href":"https:\/\/api.w.org\/{rel}","templated":true}]}}