{"id":7948,"date":"2022-10-12T15:07:04","date_gmt":"2022-10-12T18:07:04","guid":{"rendered":"https:\/\/archscape.com.br\/2024\/?p=7948"},"modified":"2022-10-12T15:07:04","modified_gmt":"2022-10-12T18:07:04","slug":"arte-paisagismo-e-arquitetura-na-oficina-brennand","status":"publish","type":"post","link":"https:\/\/archscape.com.br\/2024\/arte-paisagismo-e-arquitetura-na-oficina-brennand\/","title":{"rendered":"Arte, Paisagismo e Arquitetura na Oficina Brennand"},"content":{"rendered":"<p><img decoding=\"async\" class=\"size-medium wp-image-7954 alignleft\" src=\"https:\/\/archscape.com.br\/2024\/wp-content\/uploads\/2022\/10\/7175eee2-8373-4801-82f3-54fbd3e986eb-225x300.jpeg\" alt=\"\" width=\"225\" height=\"300\" srcset=\"https:\/\/archscape.com.br\/2024\/wp-content\/uploads\/2022\/10\/7175eee2-8373-4801-82f3-54fbd3e986eb-225x300.jpeg 225w, https:\/\/archscape.com.br\/2024\/wp-content\/uploads\/2022\/10\/7175eee2-8373-4801-82f3-54fbd3e986eb-529x705.jpeg 529w, https:\/\/archscape.com.br\/2024\/wp-content\/uploads\/2022\/10\/7175eee2-8373-4801-82f3-54fbd3e986eb-450x600.jpeg 450w, https:\/\/archscape.com.br\/2024\/wp-content\/uploads\/2022\/10\/7175eee2-8373-4801-82f3-54fbd3e986eb.jpeg 738w\" sizes=\"(max-width: 225px) 100vw, 225px\" \/>Em Recife existe um lugar imperd\u00edvel para os amantes de arte, arquitetura e paisagismo, local que muito tempo abrigou a oficina de um dos maiores artistas brasileiros.<\/p>\n<p>A Oficina Brennand teve in\u00edcio em 1971 ocupando as ru\u00ednas da Cer\u00e2mica S\u00e3o Jo\u00e3o da V\u00e1rzea, uma olaria do in\u00edcio do s\u00e9culo passado.<\/p>\n<p>O que era uma antiga f\u00e1brica de tijolos e telhas, heran\u00e7a adquirida pelo pai do mestre Francisco Brennand (1927-2019), acabou se tornando o seu grande atelier. Brennand, que antes achava a cer\u00e2mica uma arte menor, passou a se interessar profundamente por esta arte ap\u00f3s conhecer a obra desenvolvida em cer\u00e2mica por Pablo Picasso, durante sua estadia na Europa, per\u00edodo em que frequentou o atelier do pintor Fernand L\u00e9ger.<\/p>\n<p>Ap\u00f3s seu recente falecimento, o espa\u00e7o ainda permanece aberto a visita\u00e7\u00e3o, onde se pode conhecer um conjunto arquitet\u00f4nico e paisag\u00edstico suntuoso e com interven\u00e7\u00f5es art\u00edsticas que lhe atribuem requintes de originalidade.<\/p>\n<p>O resultado \u00e9 a fus\u00e3o da obra escult\u00f3rica de Brennand, unida \u00e0 arquitetura do in\u00edcio do s\u00e9culo XX do local, uma singela mas marcante contribui\u00e7\u00e3o de Paulo Mendes da Rocha e um bel\u00edssimo jardim de Burle Marx, conjunto que acaba proporcionando uma experi\u00eancia visual \u00fanica aos amantes da arte e da arquitetura.<\/p>\n<p>A Oficina Brennand \u00e9 arte em estado avan\u00e7ado pois s\u00e3o 15km2 de galerias com exposi\u00e7\u00f5es diversas, esculturas ao ar livre que s\u00e3o a t\u00f4nica reconhecida do artista, pe\u00e7as exclusivas, cer\u00e2micas ornamentais, fontes e uma boa dose de hist\u00f3ria.<\/p>\n<h2>O P\u00e1tio das Esculturas<\/h2>\n<p><img decoding=\"async\" class=\"size-medium wp-image-7957 alignleft\" src=\"https:\/\/archscape.com.br\/2024\/wp-content\/uploads\/2022\/10\/fc0fc7bb-5c32-4802-b558-272581c887df-1-237x300.jpeg\" alt=\"OFICINA BRENNAND ARCHSCAPE ARQUITETURA\" width=\"237\" height=\"300\" srcset=\"https:\/\/archscape.com.br\/2024\/wp-content\/uploads\/2022\/10\/fc0fc7bb-5c32-4802-b558-272581c887df-1-237x300.jpeg 237w, https:\/\/archscape.com.br\/2024\/wp-content\/uploads\/2022\/10\/fc0fc7bb-5c32-4802-b558-272581c887df-1-556x705.jpeg 556w, https:\/\/archscape.com.br\/2024\/wp-content\/uploads\/2022\/10\/fc0fc7bb-5c32-4802-b558-272581c887df-1-450x571.jpeg 450w, https:\/\/archscape.com.br\/2024\/wp-content\/uploads\/2022\/10\/fc0fc7bb-5c32-4802-b558-272581c887df-1.jpeg 734w\" sizes=\"(max-width: 237px) 100vw, 237px\" \/>O universo criativo de Brennand pode ser visto em todo sua extens\u00e3o em um dos ambientes mais not\u00e1veis e intrigantes do lugar, o P\u00e1tio das Esculturas. Nele o visitante percorre uma esplanada ladeada por t\u00f3tens e arcadas na qual se alternam uma sequ\u00eancia de esculturas e obras art\u00edsticas do mundo imagin\u00e1rio do autor, que culmina num gazebo e um espelho d\u2019\u00e1gua.<\/p>\n<h2><\/h2>\n<h2><\/h2>\n<h2><\/h2>\n<h2>A Pra\u00e7a <a href=\"https:\/\/archscape.com.br\/2024\/7-projetos-de-paisagismo-impressionantes\/\">Burle Marx<\/a><\/h2>\n<p>Com um toque de dois mestres, a pra\u00e7a projetada pelo paisagista mais renomado da hist\u00f3ria brasileira, \u00e9 totalmente composta de pe\u00e7as de Francisco <a href=\"https:\/\/pt.wikipedia.org\/wiki\/Francisco_Brennand\" rel=\"nofollow noopener\" target=\"_blank\">Brennand<\/a>. Constituiu-se em um presente do paisagista, com sua linguagem marcante de curvas e apresentando composi\u00e7\u00e3o de texturas e esp\u00e9cies nativas.<\/p>\n<h2>Capela Nossa Senhora da Concei\u00e7\u00e3o<\/h2>\n<p><img decoding=\"async\" class=\"size-medium wp-image-7956 alignleft\" src=\"https:\/\/archscape.com.br\/2024\/wp-content\/uploads\/2022\/10\/82778da4-7576-4907-98d9-133589c8dd92-225x300.jpeg\" alt=\"\" width=\"225\" height=\"300\" srcset=\"https:\/\/archscape.com.br\/2024\/wp-content\/uploads\/2022\/10\/82778da4-7576-4907-98d9-133589c8dd92-225x300.jpeg 225w, https:\/\/archscape.com.br\/2024\/wp-content\/uploads\/2022\/10\/82778da4-7576-4907-98d9-133589c8dd92-529x705.jpeg 529w, https:\/\/archscape.com.br\/2024\/wp-content\/uploads\/2022\/10\/82778da4-7576-4907-98d9-133589c8dd92-450x600.jpeg 450w, https:\/\/archscape.com.br\/2024\/wp-content\/uploads\/2022\/10\/82778da4-7576-4907-98d9-133589c8dd92.jpeg 768w\" sizes=\"(max-width: 225px) 100vw, 225px\" \/>Com entrada separada, passando o acesso \u00e0 Cer\u00e2mica, localiza-se quase despercebida uma inusitada capela de paredes brancas. Constru\u00eddas sobre a estrutura de um casar\u00e3o em ru\u00ednas do s\u00e9culo 19, esta capela tem a especificidade de ter sido projetada por um dos maiores arquitetos brasileiros, Paulo Mendes da Rocha. Como a estrutura das paredes n\u00e3o aguentaria o peso de uma nova cobertura, o arquiteto idealizou uma nova cobertura que repousa em dois \u00fanicos pilares, distantes longitudinalmente, um servindo de altar e o outro de coro. Caprichosamente, a estrutura n\u00e3o toca as paredes, deixando um v\u00e3o de alguns cent\u00edmetros apenas e \u00e0 noite, com as luzes acesas aparenta ser uma elegante lumin\u00e1ria que irradia luz no entorno.<\/p>\n<p>O local conta o cine teatro Deborah Brennand, uma lojinha de souvenirs e poder\u00e1 conhecer ainda a Academia (uma esp\u00e9cie de Pinacoteca), o Anfiteatro, o Sal\u00e3o de Esculturas, o Templo Central, o Templo do Sacrif\u00edcio, o Est\u00e1dio, audit\u00f3rio, al\u00e9m da referida Capela.<\/p>\n<p>A import\u00e2ncia cultural do artista e do espa\u00e7o \u00e9 amplamente conhecida pelo seu valor cultural ao unir diversas artes com tanta magnitude. Poder fazer uma imers\u00e3o na arquitetura industrial do come\u00e7o do s\u00e9culo XX com claras influ\u00eancias europeias, acervo gigante de obras de artes, jardim de Burle Marx, a arquitetura moderna e tantos outros ambientes de intensa qualidade arquitet\u00f4nica \u00e9 uma visita que merece ser programada.<\/p>\n<p>Gustavo Garrido \u00e9 arquiteto paisagista e head do Archscape Arquitetura<\/p>\n","protected":false},"excerpt":{"rendered":"<p>Em Recife existe um lugar imperd\u00edvel para os amantes de arte, arquitetura e paisagismo, local que muito tempo abrigou a oficina de um dos maiores artistas brasileiros. A Oficina Brennand teve in\u00edcio em 1971 ocupando as ru\u00ednas da Cer\u00e2mica S\u00e3o Jo\u00e3o da V\u00e1rzea, uma olaria do in\u00edcio do s\u00e9culo passado. O que era uma antiga [&hellip;]<\/p>\n","protected":false},"author":1,"featured_media":7953,"comment_status":"closed","ping_status":"closed","sticky":false,"template":"","format":"standard","meta":{"footnotes":""},"categories":[54],"tags":[],"class_list":["post-7948","post","type-post","status-publish","format-standard","has-post-thumbnail","hentry","category-arquitetura"],"_links":{"self":[{"href":"https:\/\/archscape.com.br\/2024\/wp-json\/wp\/v2\/posts\/7948","targetHints":{"allow":["GET"]}}],"collection":[{"href":"https:\/\/archscape.com.br\/2024\/wp-json\/wp\/v2\/posts"}],"about":[{"href":"https:\/\/archscape.com.br\/2024\/wp-json\/wp\/v2\/types\/post"}],"author":[{"embeddable":true,"href":"https:\/\/archscape.com.br\/2024\/wp-json\/wp\/v2\/users\/1"}],"replies":[{"embeddable":true,"href":"https:\/\/archscape.com.br\/2024\/wp-json\/wp\/v2\/comments?post=7948"}],"version-history":[{"count":0,"href":"https:\/\/archscape.com.br\/2024\/wp-json\/wp\/v2\/posts\/7948\/revisions"}],"wp:featuredmedia":[{"embeddable":true,"href":"https:\/\/archscape.com.br\/2024\/wp-json\/wp\/v2\/media\/7953"}],"wp:attachment":[{"href":"https:\/\/archscape.com.br\/2024\/wp-json\/wp\/v2\/media?parent=7948"}],"wp:term":[{"taxonomy":"category","embeddable":true,"href":"https:\/\/archscape.com.br\/2024\/wp-json\/wp\/v2\/categories?post=7948"},{"taxonomy":"post_tag","embeddable":true,"href":"https:\/\/archscape.com.br\/2024\/wp-json\/wp\/v2\/tags?post=7948"}],"curies":[{"name":"wp","href":"https:\/\/api.w.org\/{rel}","templated":true}]}}